[{"@context":"https:\/\/schema.org\/","@type":"Article","@id":"https:\/\/www.hfcr.cz\/kdy-zajit-v-praze-do-barber-shopu\/#Article","mainEntityOfPage":"https:\/\/www.hfcr.cz\/kdy-zajit-v-praze-do-barber-shopu\/","headline":"Kdy zaj\u00edt v Praze do barber shopu","name":"Kdy zaj\u00edt v Praze do barber shopu","description":"U\u017e se na sebe nem\u016f\u017eete d\u00edvat \u2013 tak\u00e9 se v\u00e1m n\u011bkdy stalo, \u017ee odch\u00e1z\u00edte do pr\u00e1ce a n\u00e1sledn\u011b zjist\u00edte, \u017ee v\u00e1\u0161 \u00fa\u010des k va\u0161emu obli\u010deji&#8230;<div class=\"more-link-wrapper\"><a class=\"more-link\" href=\"https:\/\/www.hfcr.cz\/kdy-zajit-v-praze-do-barber-shopu\/\">Continue reading<span class=\"screen-reader-text\">Kdy zaj\u00edt v Praze do barber shopu<\/span><\/a><\/div>","datePublished":"2024-10-06","dateModified":"2024-10-06","author":{"@type":"Person","@id":"https:\/\/www.hfcr.cz\/author\/#Person","name":"","url":"https:\/\/www.hfcr.cz\/author\/","identifier":1,"image":{"@type":"ImageObject","@id":"https:\/\/secure.gravatar.com\/avatar\/8eaf08ef5a7e54fc91db02b2058b03bc913caaaa39c046819bbf43d06bd23c2b?s=96&d=mm&r=g","url":"https:\/\/secure.gravatar.com\/avatar\/8eaf08ef5a7e54fc91db02b2058b03bc913caaaa39c046819bbf43d06bd23c2b?s=96&d=mm&r=g","height":96,"width":96}},"publisher":{"@type":"Organization","name":"hfcr.cz","logo":{"@type":"ImageObject","@id":"\/logo.png","url":"\/logo.png","width":600,"height":60}},"image":{"@type":"ImageObject","@id":"https:\/\/www.hfcr.cz\/wp-content\/uploads\/hair-2258293_640.jpg","url":"https:\/\/www.hfcr.cz\/wp-content\/uploads\/hair-2258293_640.jpg","height":0,"width":0},"url":"https:\/\/www.hfcr.cz\/kdy-zajit-v-praze-do-barber-shopu\/","about":["Firmy"],"wordCount":425,"articleBody":"         U\u017e se na sebe nem\u016f\u017eete d\u00edvat \u2013 tak\u00e9 se v\u00e1m n\u011bkdy stalo, \u017ee odch\u00e1z\u00edte do pr\u00e1ce a n\u00e1sledn\u011b zjist\u00edte, \u017ee v\u00e1\u0161 \u00fa\u010des k va\u0161emu obli\u010deji jaksi nepasuje? Sna\u017e\u00edte se \u010desat tak \u010di onak, ale st\u00e1le to nen\u00ed to \u201eprav\u00e9 o\u0159echov\u00e9\u201c? Zajd\u011bte do barber shopu, kade\u0159n\u00edci jsou profesion\u00e1lov\u00e9 a mo\u017en\u00e1 v\u00e1m vhodn\u011b porad\u00ed, jak situaci napravit.Chcete zm\u011bnu \u2013 mnoha lidem jejich st\u00e1vaj\u00edc\u00ed \u00fa\u010desy neslu\u0161\u00ed a snadno to zjist\u00edte i v situaci, kdy se proch\u00e1z\u00edte ulic\u00ed a pozorujete d\u011bn\u00ed kolem sebe. Barber je sv\u00fdm zp\u016fsobem i um\u011blec, tito lazebn\u00edci mohou b\u00fdt u\u017eite\u010dn\u00ed i jako poradci, prost\u011b v\u00e1m v pr\u016fb\u011bhu hovoru navrhnou zm\u011bnu \u2013 tohle zkr\u00e1tit, tohle ponechat, tamhle ubrat a tady to upravit do ztracena. Lidsk\u00e9 vlasy p\u0159in\u00e1\u0161\u00ed mnoho mo\u017enost\u00ed tvorby, a tak nechte barbera, a\u0165 vyj\u00e1d\u0159\u00ed sv\u016fj n\u00e1zor, t\u0159eba se v n\u011bm shodnete. Jdete na rande \u2013 kdy jindy by m\u011bl mu\u017e dob\u0159e vypadat, ne\u017e na rande s d\u00edvkou a pak na svatebn\u00edch fotk\u00e1ch? Tyto p\u0159\u00edle\u017eitosti op\u011bt p\u0159in\u00e1\u0161\u00ed barber\u016fm spoustu tvo\u0159iv\u00e9 pr\u00e1ce, vyu\u017eijte toho, proto\u017ee co barber \u2013 to zku\u0161enosti ze situac\u00ed, kdy mu rukama pro\u0161lo ji\u017e n\u011bkolik stovek lid\u00ed.Jedete na vodu \u2013 odj\u00ed\u017ed\u00edte s partou na vod\u00e1ckou v\u00fdpravu nebo na turistiku do hor \u010di na t\u00fdden k mo\u0159i? Pak nezapome\u0148te na sv\u016fj \u00fa\u010des nebo vousy.Je hezk\u00fd slune\u010dn\u00fd den \u2013 probouz\u00edte se do kr\u00e1sn\u00e9ho slune\u010dn\u00e9ho dne a chce se v\u00e1m vyrazit ven do ulic. Takov\u00e9to stavy jsou zcela p\u0159irozen\u00e9 a tehdy se tak\u00e9 chceme l\u00edbit nejen sob\u011b, ale i ostatn\u00edm. \u010clov\u011bk je sice vn\u00edm\u00e1n sv\u00fdm okol\u00edm zejm\u00e9na t\u00edm, co m\u00e1 uvnit\u0159, jak se chov\u00e1 a jak vystupuje navenek, ale i jeho zevn\u011bj\u0161ek m\u00e1 sv\u016fj v\u00fdznam, ostatn\u011b pr\u00e1v\u011b na n\u011bm se v\u011bt\u0161inou odr\u00e1\u017e\u00ed stav jeho nitra. Barber shop v Praze je pro takov\u00fd den m\u00edsto jako stvo\u0159en\u00e9, zajdete tam na p\u016fl hodinov\u00e9 posezen\u00ed v k\u0159esle, pak si d\u00e1te \u201edobrou brazilskou k\u00e1vu\u201c v m\u00edstech, kde se nat\u00e1\u010del legend\u00e1rn\u00ed film \u201eKulov\u00fd blesk\u201c, a m\u016f\u017eete se vypravit t\u0159eba do Stromovky nebo na Pet\u0159\u00edn.                                                                                                                                                                                                                                                                                                                                                                                          4\/5 - (9 votes)        "},{"@context":"https:\/\/schema.org\/","@type":"BreadcrumbList","itemListElement":[{"@type":"ListItem","position":1,"name":"Kdy zaj\u00edt v Praze do barber shopu","item":"https:\/\/www.hfcr.cz\/kdy-zajit-v-praze-do-barber-shopu\/#breadcrumbitem"}]}]