[{"@context":"https:\/\/schema.org\/","@type":"Article","@id":"https:\/\/www.hfcr.cz\/podtrhnuti-charakteru-zahrady\/#Article","mainEntityOfPage":"https:\/\/www.hfcr.cz\/podtrhnuti-charakteru-zahrady\/","headline":"Podtrhnut\u00ed charakteru zahrady","name":"Podtrhnut\u00ed charakteru zahrady","description":"Ten, kdo \u017eije na vesnici ob\u010das tou\u017e\u00ed \u017e\u00edt ve m\u011bst\u011b, a ten, kdo \u017eijeme ve m\u011bst\u011b, m\u00e1 zase n\u011bkdy stavy, kter\u00e9 ho vedou k tomu,&#8230;<div class=\"more-link-wrapper\"><a class=\"more-link\" href=\"https:\/\/www.hfcr.cz\/podtrhnuti-charakteru-zahrady\/\">Continue reading<span class=\"screen-reader-text\">Podtrhnut\u00ed charakteru zahrady<\/span><\/a><\/div>","datePublished":"2020-09-15","dateModified":"2020-09-15","author":{"@type":"Person","@id":"https:\/\/www.hfcr.cz\/author\/#Person","name":"","url":"https:\/\/www.hfcr.cz\/author\/","identifier":1,"image":{"@type":"ImageObject","@id":"https:\/\/secure.gravatar.com\/avatar\/8eaf08ef5a7e54fc91db02b2058b03bc913caaaa39c046819bbf43d06bd23c2b?s=96&d=mm&r=g","url":"https:\/\/secure.gravatar.com\/avatar\/8eaf08ef5a7e54fc91db02b2058b03bc913caaaa39c046819bbf43d06bd23c2b?s=96&d=mm&r=g","height":96,"width":96}},"publisher":{"@type":"Organization","name":"hfcr.cz","logo":{"@type":"ImageObject","@id":"\/logo.png","url":"\/logo.png","width":600,"height":60}},"image":{"@type":"ImageObject","@id":"https:\/\/www.hfcr.cz\/wp-content\/uploads\/velk%C3%A1%20zahrada.jpeg","url":"https:\/\/www.hfcr.cz\/wp-content\/uploads\/velk%C3%A1%20zahrada.jpeg","height":0,"width":0},"url":"https:\/\/www.hfcr.cz\/podtrhnuti-charakteru-zahrady\/","about":["Mobil"],"wordCount":424,"articleBody":"    Ten, kdo \u017eije na vesnici ob\u010das tou\u017e\u00ed \u017e\u00edt ve m\u011bst\u011b, a ten, kdo \u017eijeme ve m\u011bst\u011b, m\u00e1 zase n\u011bkdy stavy, kter\u00e9 ho vedou k tomu, \u017ee by se nejrad\u0161i okam\u017eit\u011b p\u0159est\u011bhoval na vesnici. Samoz\u0159ejm\u011b, \u017ee d\u016fvody takov\u00fdch lidsk\u00fdch reakc\u00ed jsou r\u016fznorod\u00e9, av\u0161ak mnohdy m\u016f\u017ee b\u00fdt t\u00edm probl\u00e9mem zahradn\u00ed prostor, kter\u00fd jednomu p\u0159eb\u00fdv\u00e1, a druh\u00fd k n\u011bmu v\u016fbec nem\u00e1 \u017e\u00e1dn\u00fd p\u0159\u00edstup. D\u00e1 se tak tedy \u0159\u00edci, \u017ee zahrada obecn\u011b je t\u00edm, co m\u016f\u017ee b\u00fdt vskutku problematick\u00e9, a to zejm\u00e9na z toho d\u016fvodu, \u017ee pr\u00e1v\u011b tato plocha pot\u0159ebuje velmi \u0161etrnou p\u00e9\u010di, d\u00edky kter\u00e9 v\u0161ak pak mnohdy vypad\u00e1 jako kdyby byla z n\u011bjak\u00e9ho obrazu.    I vy sami tak tedy jist\u011b souhlas\u00edte s t\u00edm, \u017ee ve chv\u00edli, kdy jsme majiteli zahrad, je nutn\u00e9 jim v\u011bnovat ur\u010dit\u00fd \u010das, a to vskutku dosti pravideln\u011b, jeliko\u017e jinak nen\u00ed v lidsk\u00fdch sil\u00e1ch, aby byly udr\u017eeny v tom stavu, v jak\u00e9m si je jejich majitel p\u0159eje. Samoz\u0159ejm\u011b, \u017ee je mo\u017en\u00e9 po\u0159\u00edzen\u00ed ur\u010dit\u00fdch vychyt\u00e1vek, kter\u00e9 prostor zmen\u0161\u00ed, co\u017e se v\u00e1m jist\u011b hod\u00ed, a to zejm\u00e9na ve chv\u00edli, kdy si uv\u011bdom\u00edte, \u017ee \u017eivot je vskutku velmi kr\u00e1tk\u00fd na to, abyste na zahrad\u011b tr\u00e1vili v\u011bt\u0161inu \u010dasu. Poj\u010fme se tak tedy pod\u00edvat na to, jak si i vy v r\u00e1mci t\u00e9to problematiky m\u016f\u017eete poradit, a to bez toho, aby bylo jak\u00e9koliv \u010d\u00e1sti va\u0161\u00ed milovan\u00e9 zahrady ubl\u00ed\u017eeno.  V\u00fdborn\u00fdm n\u00e1padem jsou v r\u00e1mci t\u00e9to oblasti zahradn\u00ed alt\u00e1ny, d\u00edky kter\u00fdm vlastn\u011b dojde k sklouben\u00ed p\u0159\u00edjemn\u00e9ho s u\u017eite\u010dn\u00fdm. Nejen, \u017ee budete m\u00edt kone\u010dn\u011b n\u011bjak\u00e9 to kr\u00e1sn\u00e9 m\u00edsto na setk\u00e1v\u00e1n\u00ed s p\u0159\u00e1teli, ale nav\u00edc v\u00e1m alespo\u0148 \u010d\u00e1ste\u010dn\u011b ubydou starosti ohledn\u011b toho, co vlastn\u011b se zahradou podniknout d\u00e1l. D\u00e1 se tak tedy t\u00e9m\u011b\u0159 s naprostou jistotou \u0159\u00edci, \u017ee se jedn\u00e1 o n\u011bco, co je jist\u011b pro n\u00e1s v\u0161echny naprosto skv\u011blou, \u017eivotn\u00ed p\u0159\u00edle\u017eitost\u00ed, a to hlavn\u011b proto, \u017ee pr\u00e1v\u011b te\u010f a tady je opravdu nutn\u00e9, abychom si uv\u011bdomili, \u017ee \u017eivot je vskutku velmi kr\u00e1tk\u00fd, a tak je tedy v\u00edce ne\u017e vhodn\u00e9, abychom kone\u010dn\u011b za\u010dali po\u0159\u00e1dn\u011b \u017e\u00edt!                                                                                                                                                                                                                                                                                                                                                                                          3.2\/5 - (6 votes)        "},{"@context":"https:\/\/schema.org\/","@type":"BreadcrumbList","itemListElement":[{"@type":"ListItem","position":1,"name":"Podtrhnut\u00ed charakteru zahrady","item":"https:\/\/www.hfcr.cz\/podtrhnuti-charakteru-zahrady\/#breadcrumbitem"}]}]