[{"@context":"https:\/\/schema.org\/","@type":"Article","@id":"https:\/\/www.hfcr.cz\/pracovni-a-soukromy-mobil\/#Article","mainEntityOfPage":"https:\/\/www.hfcr.cz\/pracovni-a-soukromy-mobil\/","headline":"Pracovn\u00ed a soukrom\u00fd mobil","name":"Pracovn\u00ed a soukrom\u00fd mobil","description":"Zn\u00e1te n\u011bkoho ve sv\u00e9m okol\u00ed, kdo nem\u00e1 t\u0159eba nap\u0159\u00edklad v mobiln\u00ed telefon? Nebo n\u011bco podobn\u00e9ho? Jinou techniku nebo elektroniku? Abych se p\u0159iznala, tak j\u00e1 takov\u00e9ho&#8230;<div class=\"more-link-wrapper\"><a class=\"more-link\" href=\"https:\/\/www.hfcr.cz\/pracovni-a-soukromy-mobil\/\">Continue reading<span class=\"screen-reader-text\">Pracovn\u00ed a soukrom\u00fd mobil<\/span><\/a><\/div>","datePublished":"2024-04-29","dateModified":"2024-04-29","author":{"@type":"Person","@id":"https:\/\/www.hfcr.cz\/author\/#Person","name":"","url":"https:\/\/www.hfcr.cz\/author\/","identifier":1,"image":{"@type":"ImageObject","@id":"https:\/\/secure.gravatar.com\/avatar\/8eaf08ef5a7e54fc91db02b2058b03bc913caaaa39c046819bbf43d06bd23c2b?s=96&d=mm&r=g","url":"https:\/\/secure.gravatar.com\/avatar\/8eaf08ef5a7e54fc91db02b2058b03bc913caaaa39c046819bbf43d06bd23c2b?s=96&d=mm&r=g","height":96,"width":96}},"publisher":{"@type":"Organization","name":"hfcr.cz","logo":{"@type":"ImageObject","@id":"\/logo.png","url":"\/logo.png","width":600,"height":60}},"image":{"@type":"ImageObject","@id":"https:\/\/www.hfcr.cz\/wp-content\/uploads\/telephone-586268_960_720_10_1.jpg","url":"https:\/\/www.hfcr.cz\/wp-content\/uploads\/telephone-586268_960_720_10_1.jpg","height":0,"width":0},"url":"https:\/\/www.hfcr.cz\/pracovni-a-soukromy-mobil\/","about":["Mobil"],"wordCount":395,"articleBody":"Zn\u00e1te n\u011bkoho ve sv\u00e9m okol\u00ed, kdo nem\u00e1 t\u0159eba nap\u0159\u00edklad v mobiln\u00ed telefon? Nebo n\u011bco podobn\u00e9ho? Jinou techniku nebo elektroniku? Abych se p\u0159iznala, tak j\u00e1 takov\u00e9ho \u010dlov\u011bka ve sv\u00e9m okol\u00ed v\u016fbec nezn\u00e1m. Zn\u00e1m pouze sam\u00e9 lidi, kte\u0159\u00ed maj\u00ed mobiln\u00ed telefon anebo maj\u00ed dokonce i v\u00edce mobiln\u00edch telefon\u016f. T\u0159eba n\u011bkdo m\u00e1 osobn\u00ed soukrom\u00fd mobiln\u00ed telefon a n\u011bkdo m\u00e1 zase tak\u00e9 slu\u017eebn\u00ed mobiln\u00ed telefon. Proto je podle m\u00e9ho n\u00e1zoru opravdu praktick\u00e9, proto\u017ee si vezm\u011bte, kdybyste m\u011bli jenom osobn\u00ed mobiln\u00ed telefon a volal by v\u00e1m tam \u00fapln\u011b ka\u017ed\u00fd, jak rodina, tak tak\u00e9 t\u0159eba zam\u011bstnanci anebo klienti \u010di dal\u0161\u00ed lid\u00e9 z va\u0161\u00ed pr\u00e1ce.To by t\u0159eba byl opravdu hodn\u011b matouc\u00ed a mysl\u00edm si, \u017ee byste si potom nikdy asi \u017e\u00e1dn\u00fd v\u00edkend nebo dovolenou neu\u017eili. Proto je nejlep\u0161\u00ed, kdy\u017e m\u00e1te mobiln\u00ed telefon osobn\u00ed a potom tak\u00e9 pracovn\u00ed. J\u00e1 jsem na tom byla stejn\u011b, kdy\u017e jsem m\u011bla pracovn\u00ed mobiln\u00ed telefon, tak to vlastn\u011b bylo skv\u011bl\u00e9, \u017ee jsem se ho na v\u00edkend anebo na dovolenou mohla tak\u00e9 vypnout. A n\u011bkdy jsem tak\u00e9 pracovn\u00ed mobiln\u00ed telefon p\u016fj\u010dovala sv\u00e9mu mal\u00e9mu synovi. A dozv\u011bd\u011bla jsem se, \u017ee on um\u00ed s mobiln\u00edm telefonem opravdu dob\u0159e zach\u00e1zet. Tak jsem si \u0159ekla, \u017ee u\u017e je asi na\u010dase, abych sv\u00e9mu osmilet\u00e9mu synovi po\u0159\u00eddila tak\u00e9 jeho vlastn\u00ed prvn\u00ed mobiln\u00ed telefon.Kdy\u017e jsem potom synovi d\u00e1vala mobiln\u00ed telefon, tak byl opravdu \u0161\u0165astn\u00fd. Byla \u0161t\u011bst\u00edm bez sebe, proto\u017ee on netu\u0161il, \u017ee vlastn\u011b m\u00e1m pro n\u011bj takov\u00e9 p\u0159ekvapen\u00ed, \u017ee bude m\u00edt tak\u00e9 vlastn\u00ed mobiln\u00ed telefon. A kdy\u017e jsem mu \u0159ekla, \u017ee je to pouze jenom jeho mobiln\u00ed telefon a \u017ee si s n\u00edm m\u016f\u017ee d\u011blat, co chce, tak byl opravdu nad\u0161en\u00fd. Ihned se tam st\u00e1hli n\u011bjak\u00e9 obl\u00edben\u00e9 hry, kter\u00e9 si hr\u00e1l u sv\u00e9ho kamar\u00e1da na mobiln\u00edm telefonu. Mysl\u00edm si, \u017ee v dne\u0161n\u00ed dob\u011b je \u00fapln\u011b norm\u00e1ln\u00ed, kdy\u017e i mal\u00e9 d\u011bti maj\u00ed mobiln\u00ed telefon. Nebo co si o tom mysl\u00edte vy, kdy\u017e mal\u00e9 d\u011bti maj\u00ed mobiln\u00ed telefon? M\u00e1te k tomu tak\u00e9 kladn\u00fd p\u0159\u00edstup?\u00a0                                                                                                                                                                                                                                                                                                                                                                                        4\/5 - (5 votes)        "},{"@context":"https:\/\/schema.org\/","@type":"BreadcrumbList","itemListElement":[{"@type":"ListItem","position":1,"name":"Pracovn\u00ed a soukrom\u00fd mobil","item":"https:\/\/www.hfcr.cz\/pracovni-a-soukromy-mobil\/#breadcrumbitem"}]}]