[{"@context":"https:\/\/schema.org\/","@type":"Article","@id":"https:\/\/www.hfcr.cz\/volba-sedacky-je-zapeklita-situace\/#Article","mainEntityOfPage":"https:\/\/www.hfcr.cz\/volba-sedacky-je-zapeklita-situace\/","headline":"Volba seda\u010dky je zapeklit\u00e1 situace","name":"Volba seda\u010dky je zapeklit\u00e1 situace","description":"Prioritou ka\u017ed\u00e9ho za\u0159izov\u00e1n\u00ed va\u0161eho bydlen\u00ed je za\u0159\u00eddit si ho, co nejl\u00e9pe a nejpohodln\u011bji. Dominantou p\u0159i va\u0161em v\u00fdb\u011bru n\u00e1bytku a dopl\u0148k\u016f, b\u00fdv\u00e1 sedac\u00ed souprava do ob\u00fdv\u00e1ku,&#8230;<div class=\"more-link-wrapper\"><a class=\"more-link\" href=\"https:\/\/www.hfcr.cz\/volba-sedacky-je-zapeklita-situace\/\">Continue reading<span class=\"screen-reader-text\">Volba seda\u010dky je zapeklit\u00e1 situace<\/span><\/a><\/div>","datePublished":"2025-05-13","dateModified":"2025-05-13","author":{"@type":"Person","@id":"https:\/\/www.hfcr.cz\/author\/#Person","name":"","url":"https:\/\/www.hfcr.cz\/author\/","identifier":1,"image":{"@type":"ImageObject","@id":"https:\/\/secure.gravatar.com\/avatar\/8eaf08ef5a7e54fc91db02b2058b03bc913caaaa39c046819bbf43d06bd23c2b?s=96&d=mm&r=g","url":"https:\/\/secure.gravatar.com\/avatar\/8eaf08ef5a7e54fc91db02b2058b03bc913caaaa39c046819bbf43d06bd23c2b?s=96&d=mm&r=g","height":96,"width":96}},"publisher":{"@type":"Organization","name":"hfcr.cz","logo":{"@type":"ImageObject","@id":"\/logo.png","url":"\/logo.png","width":600,"height":60}},"image":{"@type":"ImageObject","@id":"https:\/\/www.hfcr.cz\/wp-content\/uploads\/img_a304898_w1927_t1516128625.jpg","url":"https:\/\/www.hfcr.cz\/wp-content\/uploads\/img_a304898_w1927_t1516128625.jpg","height":0,"width":0},"url":"https:\/\/www.hfcr.cz\/volba-sedacky-je-zapeklita-situace\/","wordCount":504,"articleBody":" Prioritou ka\u017ed\u00e9ho za\u0159izov\u00e1n\u00ed va\u0161eho bydlen\u00ed je za\u0159\u00eddit si ho, co nejl\u00e9pe a nejpohodln\u011bji. Dominantou p\u0159i va\u0161em v\u00fdb\u011bru n\u00e1bytku a dopl\u0148k\u016f, b\u00fdv\u00e1 sedac\u00ed souprava do ob\u00fdv\u00e1ku, kter\u00e1 je ur\u010den\u00e1 nejenom pro va\u0161e spokojen\u00e9 posezen\u00ed, ale i pro pohodl\u00ed v\u0161ech va\u0161ich n\u00e1v\u0161t\u011bv, kter\u00e9 k v\u00e1m zav\u00edtaj\u00ed  Z toho d\u016fvodu je volba seda\u010dky pro v\u00e1\u0161 d\u016fm, nebo byt nepochybn\u011b tou nejt\u011b\u017e\u0161\u00ed volbou, kter\u00e1 b\u00fdv\u00e1 \u010dasto zdlouhav\u00e1.   Co zohlednit, p\u0159i spr\u00e1vn\u00fdm hled\u00e1n\u00ed a kone\u010dn\u00e9m v\u00fdb\u011bru?   1. VELIKOST \u2013 ka\u017ed\u00e1 va\u0161e volba se mus\u00ed zam\u011b\u0159it p\u0159edev\u0161\u00edm na dan\u00e9 rozm\u011bry va\u0161i budouc\u00ed seda\u010dky. M\u00e1te v m\u00edstnosti dostatek m\u00edsta pro robustn\u00ed sedac\u00ed soupravu s n\u011bkolika k\u0159esly, nebo rad\u011bji uv\u00edt\u00e1te jeden kus n\u00e1bytku v podob\u011b dlouh\u00e9 seda\u010dky s mal\u00fdmi taburetky? Z\u00e1kladn\u00edm pravidlem je, \u017ee ka\u017ed\u00e1 seda\u010dka v\u00e1m mus\u00ed p\u0159esn\u011b padnout do v\u00e1mi zvolen\u00e9ho prostoru. 2. MATERI\u00c1L \u2013 krokem k dokonal\u00e9mu vzhledu je vybrat si co mo\u017eno nejlep\u0161\u00ed materi\u00e1l. Myslete dop\u0159edu a myslete na v\u0161echno. Materi\u00e1l va\u0161\u00ed sedac\u00ed soupravy mus\u00ed b\u00fdt odoln\u00fd v\u016f\u010di skvrn\u00e1m, nebo by se aspo\u0148 m\u011bl snadno a dob\u0159e \u010distit. M\u016f\u017eete si vybrat i kombinovan\u00e9 typy, kde m\u00e1te spodek seda\u010dky a jej\u00ed sedac\u00ed \u010d\u00e1st rozd\u011blenou na dva druhy materi\u00e1lu. Dnes u\u017e tak\u00e9 existuje mo\u017enost, nakombinovat si povrch seda\u010dky dle sv\u00fdch p\u0159edstav, nebo vyu\u017e\u00edt \u0161irok\u00fd v\u00fdb\u011br navl\u00e9kac\u00edch potah\u016f, kter\u00e9 jednodu\u0161e m\u016f\u017eete vyprat. 3. SPAN\u00cd \u2013 je nutn\u00e9 zd\u016fraznit fakt, \u017ee i kdy\u017e se na v\u0161ech sedac\u00edch souprav\u00e1ch d\u00e1 vyspat, ne ka\u017ed\u00e1 je k tomu i c\u00edlen\u011b ur\u010den\u00e1! Pokud p\u0159edem v\u00edte, \u017ee ji pl\u00e1nujete \u010dasto rozkl\u00e1dat pro pot\u0159eby sp\u00e1nku, porozhl\u00e9dn\u011bte se po druhu vhodn\u00e9mu ke span\u00ed. Jedin\u011b tak se vyhnete p\u0159\u00edli\u0161 brzk\u00e9mu vrz\u00e1n\u00ed a opot\u0159eben\u00ed, \u010dast\u00fdm rozkl\u00e1d\u00e1n\u00edm. Seda\u010dky p\u0159\u00edmo ur\u010den\u00e9 na ka\u017edodenn\u00ed span\u00ed jsou vyr\u00e1b\u011bn\u00e9 pro tyto \u00fa\u010dely a vydr\u017e\u00ed takovou z\u00e1t\u011b\u017e mnohem l\u00e9pe bez sebemen\u0161\u00edho zni\u010den\u00ed. 4. V\u00dd\u0160KU \u2013 d\u016fle\u017eit\u00fdm faktorem, pro dokonal\u00fd v\u00fdb\u011br mus\u00ed zahrnovat i v\u00fd\u0161ku adekv\u00e1tn\u00ed k sezen\u00ed a vst\u00e1v\u00e1n\u00ed. P\u0159\u00edli\u0161 n\u00edzko polo\u017een\u00e1 seda\u010dka m\u016f\u017ee pozd\u011bji v\u00e1m, nebo va\u0161im bl\u00edzk\u00fdm zp\u016fsobovat pot\u00ed\u017ee p\u0159i vst\u00e1v\u00e1n\u00ed. Takt\u00e9\u017e jak nen\u00ed vhodn\u00e9 m\u00edt p\u0159i sezen\u00ed kolena moc vysoko. Myslete i na nohy seda\u010dky, kter\u00e9 kdy\u017e budou vysok\u00e9, bez probl\u00e9mu se pod ni dostanete vysava\u010dem, v jin\u00e9m p\u0159\u00edpad\u011b budete nuceni seda\u010dku po\u0159\u00e1d odsouvat a ukl\u00edzet pod n\u00ed.                                                                                                                                                                                                                                                                                                                                                                                          4.2\/5 - (6 votes)        "},{"@context":"https:\/\/schema.org\/","@type":"BreadcrumbList","itemListElement":[{"@type":"ListItem","position":1,"name":"Volba seda\u010dky je zapeklit\u00e1 situace","item":"https:\/\/www.hfcr.cz\/volba-sedacky-je-zapeklita-situace\/#breadcrumbitem"}]}]