[{"@context":"https:\/\/schema.org\/","@type":"Article","@id":"https:\/\/www.hfcr.cz\/vymena-oken\/#Article","mainEntityOfPage":"https:\/\/www.hfcr.cz\/vymena-oken\/","headline":"V\u00fdm\u011bna oken","name":"V\u00fdm\u011bna oken","description":"Plastov\u00e1 okna podle Va\u0161eho p\u0159\u00e1n\u00ed?\u0158ekn\u011bte n\u00e1m, jak\u00e1 by m\u011bla b\u00fdt, zadejte svou popt\u00e1vku a my se V\u00e1m pokus\u00edme Va\u0161e p\u0159\u00e1n\u00ed splnit. P\u0159em\u00fd\u0161l\u00edte, jak p\u0159ivezete Va\u0161e&#8230;<div class=\"more-link-wrapper\"><a class=\"more-link\" href=\"https:\/\/www.hfcr.cz\/vymena-oken\/\">Continue reading<span class=\"screen-reader-text\">V\u00fdm\u011bna oken<\/span><\/a><\/div>","datePublished":"2025-01-13","dateModified":"2025-01-13","author":{"@type":"Person","@id":"https:\/\/www.hfcr.cz\/author\/#Person","name":"","url":"https:\/\/www.hfcr.cz\/author\/","identifier":1,"image":{"@type":"ImageObject","@id":"https:\/\/secure.gravatar.com\/avatar\/8eaf08ef5a7e54fc91db02b2058b03bc913caaaa39c046819bbf43d06bd23c2b?s=96&d=mm&r=g","url":"https:\/\/secure.gravatar.com\/avatar\/8eaf08ef5a7e54fc91db02b2058b03bc913caaaa39c046819bbf43d06bd23c2b?s=96&d=mm&r=g","height":96,"width":96}},"publisher":{"@type":"Organization","name":"hfcr.cz","logo":{"@type":"ImageObject","@id":"\/logo.png","url":"\/logo.png","width":600,"height":60}},"url":"https:\/\/www.hfcr.cz\/vymena-oken\/","wordCount":123,"articleBody":"Plastov\u00e1 okna podle Va\u0161eho p\u0159\u00e1n\u00ed?\u0158ekn\u011bte n\u00e1m, jak\u00e1 by m\u011bla b\u00fdt, zadejte svou popt\u00e1vku a my se V\u00e1m pokus\u00edme Va\u0161e p\u0159\u00e1n\u00ed splnit. P\u0159em\u00fd\u0161l\u00edte, jak p\u0159ivezete Va\u0161e plastov\u00e1 okna na druh\u00fd konec republiky. Dovoz v\u00fdrobk\u016f prost\u0159ednictv\u00edm na\u0161\u00ed p\u0159epravn\u00ed spole\u010dnost\u00ed je samoz\u0159ejmost\u00ed. Spole\u010dnost disponuje vlastn\u00ed dopravou a zaji\u0161\u0165uje tak dod\u00e1n\u00ed po cel\u00e9m \u00fazem\u00ed \u010cR a SR. Va\u0161\u00ed prioritou je \u010das? \u017d\u00e1dn\u00fd probl\u00e9m pro n\u00e1s nen\u00ed ne\u0159e\u0161iteln\u00fd. I na tuhle variantu jsme tady pro V\u00e1s p\u0159ipraveni. Plastov\u00e1 okna dod\u00e1v\u00e1me a montujeme po cel\u00e9m \u00fazem\u00ed \u010cR, ale i v zahrani\u010d\u00ed.                                                                                                                                                                                                                                                                                                                                                                                        4\/5 - (1 vote)        "},{"@context":"https:\/\/schema.org\/","@type":"BreadcrumbList","itemListElement":[{"@type":"ListItem","position":1,"name":"V\u00fdm\u011bna oken","item":"https:\/\/www.hfcr.cz\/vymena-oken\/#breadcrumbitem"}]}]