[{"@context":"https:\/\/schema.org\/","@type":"Article","@id":"https:\/\/www.hfcr.cz\/ztrata-vlasu-je-problem\/#Article","mainEntityOfPage":"https:\/\/www.hfcr.cz\/ztrata-vlasu-je-problem\/","headline":"Ztr\u00e1ta vlas\u016f je probl\u00e9m","name":"Ztr\u00e1ta vlas\u016f je probl\u00e9m","description":"Kr\u00e1sn\u00e9, hust\u00e9, pevn\u00e9 a hlavn\u011b zdrav\u00e9 vlasy nejsou samoz\u0159ejmost. N\u011bkdo se s nimi sice narod\u00ed, ale udr\u017eet si je po cel\u00fd \u017eivot rozhodn\u011b nen\u00ed nic&#8230;<div class=\"more-link-wrapper\"><a class=\"more-link\" href=\"https:\/\/www.hfcr.cz\/ztrata-vlasu-je-problem\/\">Continue reading<span class=\"screen-reader-text\">Ztr\u00e1ta vlas\u016f je probl\u00e9m<\/span><\/a><\/div>","datePublished":"2024-08-07","dateModified":"2024-08-07","author":{"@type":"Person","@id":"https:\/\/www.hfcr.cz\/author\/#Person","name":"","url":"https:\/\/www.hfcr.cz\/author\/","identifier":1,"image":{"@type":"ImageObject","@id":"https:\/\/secure.gravatar.com\/avatar\/8eaf08ef5a7e54fc91db02b2058b03bc913caaaa39c046819bbf43d06bd23c2b?s=96&d=mm&r=g","url":"https:\/\/secure.gravatar.com\/avatar\/8eaf08ef5a7e54fc91db02b2058b03bc913caaaa39c046819bbf43d06bd23c2b?s=96&d=mm&r=g","height":96,"width":96}},"publisher":{"@type":"Organization","name":"hfcr.cz","logo":{"@type":"ImageObject","@id":"\/logo.png","url":"\/logo.png","width":600,"height":60}},"image":{"@type":"ImageObject","@id":"https:\/\/www.hfcr.cz\/wp-content\/uploads\/mannequins-1079925_640(1)_1.jpg","url":"https:\/\/www.hfcr.cz\/wp-content\/uploads\/mannequins-1079925_640(1)_1.jpg","height":0,"width":0},"url":"https:\/\/www.hfcr.cz\/ztrata-vlasu-je-problem\/","about":["V\u00fdrobky"],"wordCount":411,"articleBody":"   Kr\u00e1sn\u00e9, hust\u00e9, pevn\u00e9 a hlavn\u011b zdrav\u00e9 vlasy nejsou samoz\u0159ejmost. N\u011bkdo se s nimi sice narod\u00ed, ale udr\u017eet si je po cel\u00fd \u017eivot rozhodn\u011b nen\u00ed nic jednoduch\u00e9ho. Je pot\u0159eba se o n\u011b dob\u0159e starat, proto\u017ee v opa\u010dn\u00e9m p\u0159\u00edpad\u011b m\u016f\u017ee doj\u00edt k tomu, \u017ee za\u010dnou vypad\u00e1vat. Mnoho \u017een tr\u00e1p\u00ed vypad\u00e1v\u00e1n\u00ed vlas\u016f z mnoha d\u016fvod\u016f. Mezi nej\u010dast\u011bj\u0161\u00ed pat\u0159\u00ed\u0160patn\u00e1 p\u00e9\u010deZdravotn\u00ed probl\u00e9myMenopauzaP\u0159ij\u00edt o vlasy nebo i o jejich kvalitu rozhodn\u011b nen\u00ed nic p\u0159\u00edjemn\u00e9ho. \u017deny ale bohu\u017eel \u010dasto sv\u00fdm chov\u00e1n\u00edm riskuj\u00ed, \u017ee o vlasy p\u0159ijdou. M\u016f\u017ee za to p\u0159edev\u0161\u00edm fakt, \u017ee se neodborn\u011b samy nebo u kamar\u00e1dek barv\u00ed a odbarvuj\u00ed nekvalitn\u00edmi barvami. Po p\u00e1r letech za\u010dnou vlasy vypad\u00e1vat a u\u017e nen\u00ed nic co by tento stav zm\u011bnilo. V takov\u00e9m p\u0159\u00edpad\u011b je mo\u017en\u00e9 pouze hned p\u0159estat s pou\u017e\u00edv\u00e1n\u00edm takov\u00fdch produkt\u016f a nejlep\u0161\u00ed je za\u010d\u00edt se speci\u00e1ln\u00ed kosmetikou, kter\u00e1 m\u016f\u017ee alespo\u0148 vy\u017eivit vlasovou poko\u017eku a podpo\u0159it r\u016fst vlas\u016f. Vlasy ale u\u017e nikdy nebudou jako d\u0159\u00edv a nejsp\u00ed\u0161 u\u017e nikdy nedorostou v takov\u00e9m po\u010dtu a d\u00e9lce. Je lep\u0161\u00ed m\u00edt na hlavn\u011b alespo\u0148 n\u011bjak\u00e9 vlasy ne\u017e nem\u00edt \u017e\u00e1dn\u00e9. V takov\u00e9m p\u0159\u00edpad\u011b je mo\u017en\u00e9 si nechat vlasy napl\u00e9st a nebo nosit kvalitn\u00ed paruky, kter\u00e9 zakryj\u00ed \u0159\u00eddk\u00e9 vlasy i ple\u0161. Mnoho \u017een zbyte\u010dn\u011b paruku odm\u00edt\u00e1, proto\u017ee maj\u00ed strach z toho, \u017ee ka\u017ed\u00fd pozn\u00e1 \u017ee maj\u00ed paruku. Tak to ale v\u016fbec b\u00fdt nemus\u00ed. Sta\u010d\u00ed kdy\u017e si \u010dlov\u011bk vybere norm\u00e1ln\u011b vypadaj\u00edc\u00ed paruku v p\u0159\u00edrodn\u00edch barv\u00e1ch, kterou si bude pe\u010dliv\u011b nasazovat. Pak je tak\u0159ka nemo\u017en\u00e9, aby paruka pouze b\u011b\u017en\u00fdm no\u0161en\u00edm spadla. No\u0161en\u00ed paruky nen\u00ed \u017e\u00e1dn\u00fd hendikep, i kdy\u017e to tak cel\u00e1 \u0159ada \u017een bohu\u017eel vn\u00edm\u00e1. Pro v\u011bt\u0161inu \u017een jsou kr\u00e1sn\u00e9 a zdrav\u00e9 vlasy d\u016fle\u017eit\u00e9, a pokud je nemaj\u00ed, mohou m\u00edt dokonce i psychick\u00e9 probl\u00e9my. Paruky ale nenos\u00ed jen \u017eeny kter\u00e9 pot\u0159ebuj\u00ed zakr\u00fdt ple\u0161, ale i \u017eeny kter\u00e9 r\u00e1dy nos\u00ed r\u016fzn\u00e9 styly vlas\u016f. Vyberte si kvalitn\u00ed paruku a noste ji s gr\u00e1ci\u00ed a bez studu, nen\u00ed pro\u010d se styd\u011bt.                                                                                                                                                                                                                                                                                                                                                                                          4.1\/5 - (8 votes)        "},{"@context":"https:\/\/schema.org\/","@type":"BreadcrumbList","itemListElement":[{"@type":"ListItem","position":1,"name":"Ztr\u00e1ta vlas\u016f je probl\u00e9m","item":"https:\/\/www.hfcr.cz\/ztrata-vlasu-je-problem\/#breadcrumbitem"}]}]